{"id":61,"date":"2023-04-28T10:24:04","date_gmt":"2023-04-28T10:24:04","guid":{"rendered":"https:\/\/labs.100x100.net\/projects\/x4\/?p=61"},"modified":"2023-05-25T14:51:51","modified_gmt":"2023-05-25T14:51:51","slug":"x4hpc-supercomputacio-a-catalunya","status":"publish","type":"post","link":"https:\/\/www.x4hpc.cat\/ca\/x4hpc-supercomputacio-a-catalunya\/","title":{"rendered":"Es posa en marxa la Xarxa d\u2019R+D+I X4HPC per la Supercomputaci\u00f3 a Catalunya"},"content":{"rendered":"<p><strong>Es posa en marxa la Xarxa d\u2019R+D+I X4HPC per la Supercomputaci\u00f3 a Catalunya, liderada pel Barcelona Supercomputing Center (BCC-CNS), per dotar l\u2019ecosistema catal\u00e0 de Supercomputaci\u00f3 de mecanismes de transfer\u00e8ncia tecnol\u00f2gica i valoritzaci\u00f3 del coneixement<\/strong><\/p>\n<p>Els membres de la Xarxa d\u2019R+D+I X4HPC han celebrat la sessi\u00f3 de Kick off, el 26 d\u2019abril de 2023, la primera trobada oficial de la Xarxa, que aglutina 23 grups de recerca de 8 institucions catalanes que treballen en l\u2019\u00e0mbit de la Supercomputaci\u00f3.<\/p>\n<p><img loading=\"lazy\" decoding=\"async\" class=\"aligncenter size-large wp-image-69\" src=\"https:\/\/hundreds-wordpress-uploads.s3.amazonaws.com\/x4\/uploads\/2023\/05\/x4hpc-1024x585.jpg\" alt=\"X4HPC per la Supercomputaci\u00f3 a Catalunya\" width=\"1024\" height=\"585\" srcset=\"https:\/\/hundreds-wordpress-uploads.s3.amazonaws.com\/x4\/uploads\/2023\/05\/x4hpc-1024x585.jpg 1024w, https:\/\/hundreds-wordpress-uploads.s3.amazonaws.com\/x4\/uploads\/2023\/05\/x4hpc-300x171.jpg 300w, https:\/\/hundreds-wordpress-uploads.s3.amazonaws.com\/x4\/uploads\/2023\/05\/x4hpc-768x438.jpg 768w, https:\/\/hundreds-wordpress-uploads.s3.amazonaws.com\/x4\/uploads\/2023\/05\/x4hpc-1536x877.jpg 1536w, https:\/\/hundreds-wordpress-uploads.s3.amazonaws.com\/x4\/uploads\/2023\/05\/x4hpc-2048x1169.jpg 2048w\" sizes=\"auto, (max-width: 1024px) 100vw, 1024px\" \/><\/p>\n<p>La Xarxa X4HPC t\u00e9 com a missi\u00f3 accelerar la valoritzaci\u00f3 i transfer\u00e8ncia tecnol\u00f2gica dels projectes cientifics que utilitzen eines de Supercomputaci\u00f3, recolzant tecnologies disruptives que generin un impacte positiu social i econ\u00f2mic, tot i fomentant l\u2019emprenedoria i la creaci\u00f3 de spinoffs. Incentivant tamb\u00e9 la interacci\u00f3 entre la recerca i la Ind\u00fastria (via iniciatives d&#8217;innovaci\u00f3 oberta). Amb la visi\u00f3 de convertir la X4HPC en un pool d&#8217;innovaci\u00f3 referent en tecnologies HPC a nivell internacional.<\/p>\n<p>A trav\u00e9s dels mecanismes de la Xarxa X4HPC es pret\u00e9n impactar positivament en el sistema de recerca i innovaci\u00f3 catal\u00e0, estimulant la generaci\u00f3 de nous grups i projectes de recerca que desenvolupin solucions innovadores enfocades a oferir sobirania tecnol\u00f2gica en l\u2019\u00e0mbit del disseny de processadors m\u00e9s eficients energ\u00e8ticament, oferir solucions que apliquin la supercomputaci\u00f3 per afrontar els reptes que es planteja el canvi clim\u00e0tic, la medicina de precisi\u00f3 o la simulaci\u00f3 de fen\u00f2mens complexes en l\u2019\u00e0mbit de l\u2019enginyeria. La computaci\u00f3 d\u2019altes prestacions i les seves aplicacions en \u00e0mbits cient\u00edfics de frontera (disseny de nous processadors, IA, supercomputaci\u00f3 qu\u00e0ntica entre d\u2019altres), tindran un clar efecte dinamitzador de l\u2019ecosistema d\u2019Empreses de Base Tecnol\u00f2gica (EBTs) i empreses de sectors madurs, a la vegada que aquestes empreses poden esdevenir tractors de les tecnologies desenvolupades des dels centres de recerca.<br \/>\nCom a resultat de les tasques realitzades per la X4HPC durant els propers 3 anys, es pret\u00e9n fer cr\u00e9ixer i dinamitzar l\u2019ecosistema d\u2019agents de recerca, institucions, empreses i EBTs que consideren la computaci\u00f3 d\u2019altes prestacions com a eix principal de la seva activitat cient\u00edfica o de les seves propostes de valor.<\/p>\n<p>Aquesta nova Xarxa est\u00e0 formada actualment per m\u00e9s de 250 investigadors i investigadores de 23 grups de recerca de 8 institucions diferents (UB, UAB, VHIR, IRB, IJC, CNM-CSIC i CIMNE). Est\u00e0 coordinada pel <a href=\"https:\/\/www.bsc.es\/ca\" target=\"_blank\" rel=\"noopener\"><em>Barcelona Supercomputing Center (BSC-CNS)<\/em><\/a> i est\u00e0 finan\u00e7ada pel Departament d\u2019Empresa i Coneixement de la Generalitat de Catalunya, a trav\u00e9s de <em>l\u2019<a href=\"https:\/\/agaur.gencat.cat\/ca\/inici\" target=\"_blank\" rel=\"noopener\">Ag\u00e8ncia de Gesti\u00f3 d\u2019Ajuts Universitaris i de Recerca (AGAUR)<\/a><\/em>.<\/p>\n<p><img loading=\"lazy\" decoding=\"async\" class=\"aligncenter size-large wp-image-62\" src=\"https:\/\/hundreds-wordpress-uploads.s3.amazonaws.com\/x4\/uploads\/2023\/05\/x4hpc_network-1024x564.jpg\" alt=\"H4HPC network members\" width=\"1024\" height=\"564\" srcset=\"https:\/\/hundreds-wordpress-uploads.s3.amazonaws.com\/x4\/uploads\/2023\/05\/x4hpc_network-1024x564.jpg 1024w, https:\/\/hundreds-wordpress-uploads.s3.amazonaws.com\/x4\/uploads\/2023\/05\/x4hpc_network-300x165.jpg 300w, https:\/\/hundreds-wordpress-uploads.s3.amazonaws.com\/x4\/uploads\/2023\/05\/x4hpc_network-768x423.jpg 768w, https:\/\/hundreds-wordpress-uploads.s3.amazonaws.com\/x4\/uploads\/2023\/05\/x4hpc_network.jpg 1137w\" sizes=\"auto, (max-width: 1024px) 100vw, 1024px\" \/><\/p>\n<h4>L&#8217;ecosistema catal\u00e0 de Supercomputaci\u00f3<\/h4>\n<p>En els \u00faltims anys, l&#8217;ecosistema de Supercomputaci\u00f3 a Catalunya ha crescut exponencialment, i no t\u00e9 previst deixar de fer-ho. Moltes institucions situades a Catalunya es troben en el nucli d\u2019un ecosistema cada vegada m\u00e9s consolidat que gira al voltant de les eines de computaci\u00f3 d\u2019alt rendiment (High Performance Computing) i les seves diferents aplicacions cient\u00edfiques en una infinitat de camps rellevants.<\/p>\n<p>La cerca de col\u00b7laboracions estretes amb empreses i socis de recerca en molts projectes cient\u00edfics de valor estrat\u00e8gic \u00e9s clau en l\u2019\u00e0mbit de la Supercomputaci\u00f3. Nom\u00e9s al BSC, de les empreses col\u00b7laboradores recurrents en projectes cient\u00edfics i de transfer\u00e8ncia, 24 s\u00f3n Empreses de Base Tecnol\u00f2gica (EBTs), treballant amb tecnologies HPC i operant directament des de Catalunya. D&#8217;aquests, 11 s\u00f3n Spin-offs del BSC. La seva creaci\u00f3 va ser possible gr\u00e0cies a la uni\u00f3 d\u2019esfor\u00e7os amb altres institucions cient\u00edfiques ve\u00efnes com UPC, ICREA, IRB, UB, UAB, CNM-CSIC, VHIR, IJC, CIMNE-CSIC, IFAE, amb les que es comparteix la tecnologia. Aquestes empreses estan creant m\u00e9s de 120 llocs de treball i han atret m\u00e9s de 6 milions d&#8217;euros en finan\u00e7ament.<\/p>\n<p>Tot i que els nombres senyalen un futur pr\u00f2sper, la realitat \u00e9s que encara existeixen moltes barreres perqu\u00e8 la tecnologia s&#8217;acosti al mercat, entre les quals s\u2019hi inclou la falta de recursos de finan\u00e7ament destinats al proc\u00e9s de valoritzaci\u00f3 i transfer\u00e8ncia de tecnologia. Aquesta manca, causa p\u00e8rdues en termes d&#8217;oportunitat, a causa de la rapidesa del ritme de l&#8217;entorn de transfer\u00e8ncia de deep tech al voltant de les tecnologies HPC a Catalunya.<\/p>\n<p><img loading=\"lazy\" decoding=\"async\" class=\"aligncenter size-large wp-image-65\" src=\"https:\/\/hundreds-wordpress-uploads.s3.amazonaws.com\/x4\/uploads\/2023\/05\/hpc_ecosystem-1024x565.jpg\" alt=\"L'ecosistema catal\u00e0 de Supercomputaci\u00f3\" width=\"1024\" height=\"565\" srcset=\"https:\/\/hundreds-wordpress-uploads.s3.amazonaws.com\/x4\/uploads\/2023\/05\/hpc_ecosystem-1024x565.jpg 1024w, https:\/\/hundreds-wordpress-uploads.s3.amazonaws.com\/x4\/uploads\/2023\/05\/hpc_ecosystem-300x166.jpg 300w, https:\/\/hundreds-wordpress-uploads.s3.amazonaws.com\/x4\/uploads\/2023\/05\/hpc_ecosystem-768x424.jpg 768w, https:\/\/hundreds-wordpress-uploads.s3.amazonaws.com\/x4\/uploads\/2023\/05\/hpc_ecosystem.jpg 1132w\" sizes=\"auto, (max-width: 1024px) 100vw, 1024px\" \/><\/p>\n","protected":false},"excerpt":{"rendered":"<p>Es posa en marxa la Xarxa d\u2019R+D+I X4HPC per la Supercomputaci\u00f3 a Catalunya, liderada pel Barcelona Supercomputing Center (BCC-CNS), per dotar l\u2019ecosistema catal\u00e0 de Supercomputaci\u00f3 de mecanismes de transfer\u00e8ncia tecnol\u00f2gica i valoritzaci\u00f3 del coneixement Els membres de la Xarxa d\u2019R+D+I X4HPC han celebrat la sessi\u00f3 de Kick off, el 26 d\u2019abril de 2023, la primera [&hellip;]<\/p>\n","protected":false},"author":1,"featured_media":75,"comment_status":"closed","ping_status":"closed","sticky":false,"template":"","format":"standard","meta":{"_acf_changed":false,"footnotes":""},"categories":[1],"class_list":["post-61","post","type-post","status-publish","format-standard","has-post-thumbnail","hentry","category-sin-categorizar"],"acf":[],"yoast_head":"<!-- This site is optimized with the Yoast SEO plugin v25.6 - https:\/\/yoast.com\/wordpress\/plugins\/seo\/ -->\n<title>Es posa en marxa la Xarxa d\u2019R+D+I X4HPC per la Supercomputaci\u00f3 a Catalunya - X4HPC<\/title>\n<meta name=\"description\" content=\"Es posa en marxa la Xarxa d\u2019R+D+I X4HPC per la Supercomputaci\u00f3 a Catalunya liderada pel Barcelona Supercomputing Center (BCC-CNS).\" \/>\n<meta name=\"robots\" content=\"index, follow, max-snippet:-1, max-image-preview:large, max-video-preview:-1\" \/>\n<link rel=\"canonical\" href=\"https:\/\/www.x4hpc.cat\/ca\/x4hpc-supercomputacio-a-catalunya\/\" \/>\n<meta property=\"og:locale\" content=\"ca_ES\" \/>\n<meta property=\"og:type\" content=\"article\" \/>\n<meta property=\"og:title\" content=\"Es posa en marxa la Xarxa d\u2019R+D+I X4HPC per la Supercomputaci\u00f3 a Catalunya - X4HPC\" \/>\n<meta property=\"og:description\" content=\"Es posa en marxa la Xarxa d\u2019R+D+I X4HPC per la Supercomputaci\u00f3 a Catalunya liderada pel Barcelona Supercomputing Center (BCC-CNS).\" \/>\n<meta property=\"og:url\" content=\"https:\/\/www.x4hpc.cat\/ca\/x4hpc-supercomputacio-a-catalunya\/\" \/>\n<meta property=\"og:site_name\" content=\"X4HPC\" \/>\n<meta property=\"article:published_time\" content=\"2023-04-28T10:24:04+00:00\" \/>\n<meta property=\"article:modified_time\" content=\"2023-05-25T14:51:51+00:00\" \/>\n<meta property=\"og:image\" content=\"https:\/\/hundreds-wordpress-uploads.s3.amazonaws.com\/x4\/uploads\/2023\/05\/x4HPC_Equip-scaled.jpg\" \/>\n\t<meta property=\"og:image:width\" content=\"2560\" \/>\n\t<meta property=\"og:image:height\" content=\"1850\" \/>\n\t<meta property=\"og:image:type\" content=\"image\/jpeg\" \/>\n<meta name=\"author\" content=\"x4hpc\" \/>\n<meta name=\"twitter:card\" content=\"summary_large_image\" \/>\n<meta name=\"twitter:creator\" content=\"@x4hpc\" \/>\n<meta name=\"twitter:site\" content=\"@x4hpc\" \/>\n<meta name=\"twitter:label1\" content=\"Escrit per\" \/>\n\t<meta name=\"twitter:data1\" content=\"x4hpc\" \/>\n\t<meta name=\"twitter:label2\" content=\"Temps estimat de lectura\" \/>\n\t<meta name=\"twitter:data2\" content=\"5 minuts\" \/>\n<script type=\"application\/ld+json\" class=\"yoast-schema-graph\">{\"@context\":\"https:\/\/schema.org\",\"@graph\":[{\"@type\":\"Article\",\"@id\":\"https:\/\/www.x4hpc.cat\/ca\/x4hpc-supercomputacio-a-catalunya\/#article\",\"isPartOf\":{\"@id\":\"https:\/\/www.x4hpc.cat\/ca\/x4hpc-supercomputacio-a-catalunya\/\"},\"author\":{\"name\":\"x4hpc\",\"@id\":\"https:\/\/www.x4hpc.cat\/es\/#\/schema\/person\/ca9c3d33efd424c25a17dc2bb2012a82\"},\"headline\":\"Es posa en marxa la Xarxa d\u2019R+D+I X4HPC per la Supercomputaci\u00f3 a Catalunya\",\"datePublished\":\"2023-04-28T10:24:04+00:00\",\"dateModified\":\"2023-05-25T14:51:51+00:00\",\"mainEntityOfPage\":{\"@id\":\"https:\/\/www.x4hpc.cat\/ca\/x4hpc-supercomputacio-a-catalunya\/\"},\"wordCount\":747,\"publisher\":{\"@id\":\"https:\/\/www.x4hpc.cat\/es\/#organization\"},\"image\":{\"@id\":\"https:\/\/www.x4hpc.cat\/ca\/x4hpc-supercomputacio-a-catalunya\/#primaryimage\"},\"thumbnailUrl\":\"https:\/\/hundreds-wordpress-uploads.s3.amazonaws.com\/x4\/uploads\/2023\/05\/x4HPC_Equip-scaled.jpg\",\"articleSection\":[\"Sin categorizar\"],\"inLanguage\":\"ca\"},{\"@type\":\"WebPage\",\"@id\":\"https:\/\/www.x4hpc.cat\/ca\/x4hpc-supercomputacio-a-catalunya\/\",\"url\":\"https:\/\/www.x4hpc.cat\/ca\/x4hpc-supercomputacio-a-catalunya\/\",\"name\":\"Es posa en marxa la Xarxa d\u2019R+D+I X4HPC per la Supercomputaci\u00f3 a Catalunya - X4HPC\",\"isPartOf\":{\"@id\":\"https:\/\/www.x4hpc.cat\/es\/#website\"},\"primaryImageOfPage\":{\"@id\":\"https:\/\/www.x4hpc.cat\/ca\/x4hpc-supercomputacio-a-catalunya\/#primaryimage\"},\"image\":{\"@id\":\"https:\/\/www.x4hpc.cat\/ca\/x4hpc-supercomputacio-a-catalunya\/#primaryimage\"},\"thumbnailUrl\":\"https:\/\/hundreds-wordpress-uploads.s3.amazonaws.com\/x4\/uploads\/2023\/05\/x4HPC_Equip-scaled.jpg\",\"datePublished\":\"2023-04-28T10:24:04+00:00\",\"dateModified\":\"2023-05-25T14:51:51+00:00\",\"description\":\"Es posa en marxa la Xarxa d\u2019R+D+I X4HPC per la Supercomputaci\u00f3 a Catalunya liderada pel Barcelona Supercomputing Center (BCC-CNS).\",\"breadcrumb\":{\"@id\":\"https:\/\/www.x4hpc.cat\/ca\/x4hpc-supercomputacio-a-catalunya\/#breadcrumb\"},\"inLanguage\":\"ca\",\"potentialAction\":[{\"@type\":\"ReadAction\",\"target\":[\"https:\/\/www.x4hpc.cat\/ca\/x4hpc-supercomputacio-a-catalunya\/\"]}]},{\"@type\":\"ImageObject\",\"inLanguage\":\"ca\",\"@id\":\"https:\/\/www.x4hpc.cat\/ca\/x4hpc-supercomputacio-a-catalunya\/#primaryimage\",\"url\":\"https:\/\/hundreds-wordpress-uploads.s3.amazonaws.com\/x4\/uploads\/2023\/05\/x4HPC_Equip-scaled.jpg\",\"contentUrl\":\"https:\/\/hundreds-wordpress-uploads.s3.amazonaws.com\/x4\/uploads\/2023\/05\/x4HPC_Equip-scaled.jpg\",\"width\":2560,\"height\":1850,\"caption\":\"Xarxa d\u2019R+D+I X4HPC per la Supercomputaci\u00f3 a Catalunya\"},{\"@type\":\"BreadcrumbList\",\"@id\":\"https:\/\/www.x4hpc.cat\/ca\/x4hpc-supercomputacio-a-catalunya\/#breadcrumb\",\"itemListElement\":[{\"@type\":\"ListItem\",\"position\":1,\"name\":\"Portada\",\"item\":\"https:\/\/x4hpc.cat\/ca\/\"},{\"@type\":\"ListItem\",\"position\":2,\"name\":\"Es posa en marxa la Xarxa d\u2019R+D+I X4HPC per la Supercomputaci\u00f3 a Catalunya\"}]},{\"@type\":\"WebSite\",\"@id\":\"https:\/\/www.x4hpc.cat\/es\/#website\",\"url\":\"https:\/\/www.x4hpc.cat\/es\/\",\"name\":\"X4HPC\",\"description\":\"Xarxa d&#039;R+D+I per la Supercomputaci\u00f3\",\"publisher\":{\"@id\":\"https:\/\/www.x4hpc.cat\/es\/#organization\"},\"potentialAction\":[{\"@type\":\"SearchAction\",\"target\":{\"@type\":\"EntryPoint\",\"urlTemplate\":\"https:\/\/www.x4hpc.cat\/es\/?s={search_term_string}\"},\"query-input\":{\"@type\":\"PropertyValueSpecification\",\"valueRequired\":true,\"valueName\":\"search_term_string\"}}],\"inLanguage\":\"ca\"},{\"@type\":\"Organization\",\"@id\":\"https:\/\/www.x4hpc.cat\/es\/#organization\",\"name\":\"X4HPC\",\"url\":\"https:\/\/www.x4hpc.cat\/es\/\",\"logo\":{\"@type\":\"ImageObject\",\"inLanguage\":\"ca\",\"@id\":\"https:\/\/www.x4hpc.cat\/es\/#\/schema\/logo\/image\/\",\"url\":\"https:\/\/hundreds-wordpress-uploads.s3.amazonaws.com\/x4\/uploads\/2023\/05\/X4HPC_logo.png\",\"contentUrl\":\"https:\/\/hundreds-wordpress-uploads.s3.amazonaws.com\/x4\/uploads\/2023\/05\/X4HPC_logo.png\",\"width\":271,\"height\":79,\"caption\":\"X4HPC\"},\"image\":{\"@id\":\"https:\/\/www.x4hpc.cat\/es\/#\/schema\/logo\/image\/\"},\"sameAs\":[\"https:\/\/x.com\/x4hpc\",\"https:\/\/www.linkedin.com\/company\/x4hpc\/\"]},{\"@type\":\"Person\",\"@id\":\"https:\/\/www.x4hpc.cat\/es\/#\/schema\/person\/ca9c3d33efd424c25a17dc2bb2012a82\",\"name\":\"x4hpc\",\"image\":{\"@type\":\"ImageObject\",\"inLanguage\":\"ca\",\"@id\":\"https:\/\/www.x4hpc.cat\/es\/#\/schema\/person\/image\/\",\"url\":\"https:\/\/secure.gravatar.com\/avatar\/18a97ff0e5d67038bad233b79246a7f922424d224871d207487c88e471e664c2?s=96&d=mm&r=g\",\"contentUrl\":\"https:\/\/secure.gravatar.com\/avatar\/18a97ff0e5d67038bad233b79246a7f922424d224871d207487c88e471e664c2?s=96&d=mm&r=g\",\"caption\":\"x4hpc\"},\"sameAs\":[\"https:\/\/x4hpc.cat\/private\"],\"url\":\"https:\/\/www.x4hpc.cat\/ca\/author\/x4hpc\/\"}]}<\/script>\n<!-- \/ Yoast SEO plugin. -->","yoast_head_json":{"title":"Es posa en marxa la Xarxa d\u2019R+D+I X4HPC per la Supercomputaci\u00f3 a Catalunya - X4HPC","description":"Es posa en marxa la Xarxa d\u2019R+D+I X4HPC per la Supercomputaci\u00f3 a Catalunya liderada pel Barcelona Supercomputing Center (BCC-CNS).","robots":{"index":"index","follow":"follow","max-snippet":"max-snippet:-1","max-image-preview":"max-image-preview:large","max-video-preview":"max-video-preview:-1"},"canonical":"https:\/\/www.x4hpc.cat\/ca\/x4hpc-supercomputacio-a-catalunya\/","og_locale":"ca_ES","og_type":"article","og_title":"Es posa en marxa la Xarxa d\u2019R+D+I X4HPC per la Supercomputaci\u00f3 a Catalunya - X4HPC","og_description":"Es posa en marxa la Xarxa d\u2019R+D+I X4HPC per la Supercomputaci\u00f3 a Catalunya liderada pel Barcelona Supercomputing Center (BCC-CNS).","og_url":"https:\/\/www.x4hpc.cat\/ca\/x4hpc-supercomputacio-a-catalunya\/","og_site_name":"X4HPC","article_published_time":"2023-04-28T10:24:04+00:00","article_modified_time":"2023-05-25T14:51:51+00:00","og_image":[{"width":2560,"height":1850,"url":"https:\/\/hundreds-wordpress-uploads.s3.amazonaws.com\/x4\/uploads\/2023\/05\/x4HPC_Equip-scaled.jpg","type":"image\/jpeg"}],"author":"x4hpc","twitter_card":"summary_large_image","twitter_creator":"@x4hpc","twitter_site":"@x4hpc","twitter_misc":{"Escrit per":"x4hpc","Temps estimat de lectura":"5 minuts"},"schema":{"@context":"https:\/\/schema.org","@graph":[{"@type":"Article","@id":"https:\/\/www.x4hpc.cat\/ca\/x4hpc-supercomputacio-a-catalunya\/#article","isPartOf":{"@id":"https:\/\/www.x4hpc.cat\/ca\/x4hpc-supercomputacio-a-catalunya\/"},"author":{"name":"x4hpc","@id":"https:\/\/www.x4hpc.cat\/es\/#\/schema\/person\/ca9c3d33efd424c25a17dc2bb2012a82"},"headline":"Es posa en marxa la Xarxa d\u2019R+D+I X4HPC per la Supercomputaci\u00f3 a Catalunya","datePublished":"2023-04-28T10:24:04+00:00","dateModified":"2023-05-25T14:51:51+00:00","mainEntityOfPage":{"@id":"https:\/\/www.x4hpc.cat\/ca\/x4hpc-supercomputacio-a-catalunya\/"},"wordCount":747,"publisher":{"@id":"https:\/\/www.x4hpc.cat\/es\/#organization"},"image":{"@id":"https:\/\/www.x4hpc.cat\/ca\/x4hpc-supercomputacio-a-catalunya\/#primaryimage"},"thumbnailUrl":"https:\/\/hundreds-wordpress-uploads.s3.amazonaws.com\/x4\/uploads\/2023\/05\/x4HPC_Equip-scaled.jpg","articleSection":["Sin categorizar"],"inLanguage":"ca"},{"@type":"WebPage","@id":"https:\/\/www.x4hpc.cat\/ca\/x4hpc-supercomputacio-a-catalunya\/","url":"https:\/\/www.x4hpc.cat\/ca\/x4hpc-supercomputacio-a-catalunya\/","name":"Es posa en marxa la Xarxa d\u2019R+D+I X4HPC per la Supercomputaci\u00f3 a Catalunya - X4HPC","isPartOf":{"@id":"https:\/\/www.x4hpc.cat\/es\/#website"},"primaryImageOfPage":{"@id":"https:\/\/www.x4hpc.cat\/ca\/x4hpc-supercomputacio-a-catalunya\/#primaryimage"},"image":{"@id":"https:\/\/www.x4hpc.cat\/ca\/x4hpc-supercomputacio-a-catalunya\/#primaryimage"},"thumbnailUrl":"https:\/\/hundreds-wordpress-uploads.s3.amazonaws.com\/x4\/uploads\/2023\/05\/x4HPC_Equip-scaled.jpg","datePublished":"2023-04-28T10:24:04+00:00","dateModified":"2023-05-25T14:51:51+00:00","description":"Es posa en marxa la Xarxa d\u2019R+D+I X4HPC per la Supercomputaci\u00f3 a Catalunya liderada pel Barcelona Supercomputing Center (BCC-CNS).","breadcrumb":{"@id":"https:\/\/www.x4hpc.cat\/ca\/x4hpc-supercomputacio-a-catalunya\/#breadcrumb"},"inLanguage":"ca","potentialAction":[{"@type":"ReadAction","target":["https:\/\/www.x4hpc.cat\/ca\/x4hpc-supercomputacio-a-catalunya\/"]}]},{"@type":"ImageObject","inLanguage":"ca","@id":"https:\/\/www.x4hpc.cat\/ca\/x4hpc-supercomputacio-a-catalunya\/#primaryimage","url":"https:\/\/hundreds-wordpress-uploads.s3.amazonaws.com\/x4\/uploads\/2023\/05\/x4HPC_Equip-scaled.jpg","contentUrl":"https:\/\/hundreds-wordpress-uploads.s3.amazonaws.com\/x4\/uploads\/2023\/05\/x4HPC_Equip-scaled.jpg","width":2560,"height":1850,"caption":"Xarxa d\u2019R+D+I X4HPC per la Supercomputaci\u00f3 a Catalunya"},{"@type":"BreadcrumbList","@id":"https:\/\/www.x4hpc.cat\/ca\/x4hpc-supercomputacio-a-catalunya\/#breadcrumb","itemListElement":[{"@type":"ListItem","position":1,"name":"Portada","item":"https:\/\/x4hpc.cat\/ca\/"},{"@type":"ListItem","position":2,"name":"Es posa en marxa la Xarxa d\u2019R+D+I X4HPC per la Supercomputaci\u00f3 a Catalunya"}]},{"@type":"WebSite","@id":"https:\/\/www.x4hpc.cat\/es\/#website","url":"https:\/\/www.x4hpc.cat\/es\/","name":"X4HPC","description":"Xarxa d&#039;R+D+I per la Supercomputaci\u00f3","publisher":{"@id":"https:\/\/www.x4hpc.cat\/es\/#organization"},"potentialAction":[{"@type":"SearchAction","target":{"@type":"EntryPoint","urlTemplate":"https:\/\/www.x4hpc.cat\/es\/?s={search_term_string}"},"query-input":{"@type":"PropertyValueSpecification","valueRequired":true,"valueName":"search_term_string"}}],"inLanguage":"ca"},{"@type":"Organization","@id":"https:\/\/www.x4hpc.cat\/es\/#organization","name":"X4HPC","url":"https:\/\/www.x4hpc.cat\/es\/","logo":{"@type":"ImageObject","inLanguage":"ca","@id":"https:\/\/www.x4hpc.cat\/es\/#\/schema\/logo\/image\/","url":"https:\/\/hundreds-wordpress-uploads.s3.amazonaws.com\/x4\/uploads\/2023\/05\/X4HPC_logo.png","contentUrl":"https:\/\/hundreds-wordpress-uploads.s3.amazonaws.com\/x4\/uploads\/2023\/05\/X4HPC_logo.png","width":271,"height":79,"caption":"X4HPC"},"image":{"@id":"https:\/\/www.x4hpc.cat\/es\/#\/schema\/logo\/image\/"},"sameAs":["https:\/\/x.com\/x4hpc","https:\/\/www.linkedin.com\/company\/x4hpc\/"]},{"@type":"Person","@id":"https:\/\/www.x4hpc.cat\/es\/#\/schema\/person\/ca9c3d33efd424c25a17dc2bb2012a82","name":"x4hpc","image":{"@type":"ImageObject","inLanguage":"ca","@id":"https:\/\/www.x4hpc.cat\/es\/#\/schema\/person\/image\/","url":"https:\/\/secure.gravatar.com\/avatar\/18a97ff0e5d67038bad233b79246a7f922424d224871d207487c88e471e664c2?s=96&d=mm&r=g","contentUrl":"https:\/\/secure.gravatar.com\/avatar\/18a97ff0e5d67038bad233b79246a7f922424d224871d207487c88e471e664c2?s=96&d=mm&r=g","caption":"x4hpc"},"sameAs":["https:\/\/x4hpc.cat\/private"],"url":"https:\/\/www.x4hpc.cat\/ca\/author\/x4hpc\/"}]}},"_links":{"self":[{"href":"https:\/\/www.x4hpc.cat\/ca\/wp-json\/wp\/v2\/posts\/61","targetHints":{"allow":["GET"]}}],"collection":[{"href":"https:\/\/www.x4hpc.cat\/ca\/wp-json\/wp\/v2\/posts"}],"about":[{"href":"https:\/\/www.x4hpc.cat\/ca\/wp-json\/wp\/v2\/types\/post"}],"author":[{"embeddable":true,"href":"https:\/\/www.x4hpc.cat\/ca\/wp-json\/wp\/v2\/users\/1"}],"replies":[{"embeddable":true,"href":"https:\/\/www.x4hpc.cat\/ca\/wp-json\/wp\/v2\/comments?post=61"}],"version-history":[{"count":0,"href":"https:\/\/www.x4hpc.cat\/ca\/wp-json\/wp\/v2\/posts\/61\/revisions"}],"wp:featuredmedia":[{"embeddable":true,"href":"https:\/\/www.x4hpc.cat\/ca\/wp-json\/wp\/v2\/media\/75"}],"wp:attachment":[{"href":"https:\/\/www.x4hpc.cat\/ca\/wp-json\/wp\/v2\/media?parent=61"}],"wp:term":[{"taxonomy":"category","embeddable":true,"href":"https:\/\/www.x4hpc.cat\/ca\/wp-json\/wp\/v2\/categories?post=61"}],"curies":[{"name":"wp","href":"https:\/\/api.w.org\/{rel}","templated":true}]}}